{"id":4395,"date":"2022-12-23T11:20:37","date_gmt":"2022-12-23T11:20:37","guid":{"rendered":"https:\/\/apotalent.com\/?p=4395"},"modified":"2023-06-15T13:03:00","modified_gmt":"2023-06-15T13:03:00","slug":"primavera-verano-otono-e-invierno-en-que-epoca-del-ano-tienen-mas-trabajo-los-farmaceuticos","status":"publish","type":"post","link":"https:\/\/apotalent.com\/en\/primavera-verano-otono-e-invierno-en-que-epoca-del-ano-tienen-mas-trabajo-los-farmaceuticos","title":{"rendered":"Primavera, verano, oto\u00f1o e invierno\u2026 \u00bfen qu\u00e9 \u00e9poca del a\u00f1o tienen m\u00e1s trabajo los farmac\u00e9uticos?"},"content":{"rendered":"<div data-elementor-type=\"wp-post\" data-elementor-id=\"4395\" class=\"elementor elementor-4395\" data-elementor-post-type=\"post\">\n\t\t\t\t\t\t<section class=\"elementor-section elementor-top-section elementor-element elementor-element-593ed53 elementor-section-boxed elementor-section-height-default elementor-section-height-default\" data-id=\"593ed53\" data-element_type=\"section\">\n\t\t\t\t\t\t<div class=\"elementor-container elementor-column-gap-default\">\n\t\t\t\t\t<div class=\"elementor-column elementor-col-100 elementor-top-column elementor-element elementor-element-f0808fd\" data-id=\"f0808fd\" data-element_type=\"column\">\n\t\t\t<div class=\"elementor-widget-wrap elementor-element-populated\">\n\t\t\t\t\t\t<div class=\"elementor-element elementor-element-8a2d8c4 elementor-widget elementor-widget-text-editor\" data-id=\"8a2d8c4\" data-element_type=\"widget\" data-widget_type=\"text-editor.default\">\n\t\t\t\t<div class=\"elementor-widget-container\">\n\t\t\t\t\t\t\t\t\t<p>C\u00f3mo podemos observar en la mayor\u00eda de los empleos, en las oficinas de farmacias tambi\u00e9n existen \u00e9pocas del a\u00f1o en las que hay m\u00e1s o menos movimiento dependiendo de d\u00f3nde est\u00e9 situada o qu\u00e9 tipo de p\u00fablico tenga.<\/p><p>Habitualmente, cuando se habla de estos cambios en las farmacias, solemos referirnos al aumento o disminuci\u00f3n de sus vol\u00famenes de venta en funci\u00f3n de c\u00f3mo les afectan los per\u00edodos vacacionales (casi siempre estivales). Sin embargo, estos ritmos de trabajo donde tenemos un mayor incremento de pacientes, debemos tener en cuenta que, lo que es m\u00e1s importante, es el tipo de atenci\u00f3n que requieren y les damos a esas personas.<\/p><p><strong>Pero \u00bfen qu\u00e9 estaci\u00f3n tienen m\u00e1s trabajo los farmac\u00e9uticos? <\/strong><\/p>\t\t\t\t\t\t\t\t<\/div>\n\t\t\t\t<\/div>\n\t\t\t\t<div class=\"elementor-element elementor-element-6479764 elementor-widget elementor-widget-text-editor\" data-id=\"6479764\" data-element_type=\"widget\" data-widget_type=\"text-editor.default\">\n\t\t\t\t<div class=\"elementor-widget-container\">\n\t\t\t\t\t\t\t\t\t<p><span style=\"color: #000000\">En primer lugar, destacamos <strong>la primavera<\/strong>, esa colorida y floral estaci\u00f3n del a\u00f1o para muchos, pero la temida para aquellos al\u00e9rgicos.<\/span><\/p><p><span style=\"color: #000000\">Durante estos meses, aumentan las ventas de productos que no son estrictamente recetas, como puede ser el alivio sintom\u00e1tico de los molestos estornudos puede enfocarse a peque\u00f1as ayudas como la sequedad labial, el picor de la nariz y los ojos o los carraspeos de garganta. Cuando un paciente acude a la oficina farmacia en busca de esa inicial atenci\u00f3n primaria esta debe ser lo m\u00e1s completa posible.<\/span><\/p>\t\t\t\t\t\t\t\t<\/div>\n\t\t\t\t<\/div>\n\t\t\t\t<div class=\"elementor-element elementor-element-d107853 elementor-widget elementor-widget-text-editor\" data-id=\"d107853\" data-element_type=\"widget\" data-widget_type=\"text-editor.default\">\n\t\t\t\t<div class=\"elementor-widget-container\">\n\t\t\t\t\t\t\t\t\t<p><span style=\"color: #000000\"><strong>Con el verano<\/strong>, el calor y su sol, lo primero en lo que pensamos es la playa y la importancia de concienciar de los perjuicios del sol en el largo plazo, cosa que la mayor\u00eda no ve ni focaliza.<\/span><\/p><p><span style=\"color: #000000\">Hay que tener inter\u00e9s en el tema y estar bien formado para aclararle a una persona tomadora de sol compulsiva cuya m\u00e1xima preocupaci\u00f3n es estar bronceada, que los problemas que esto puede ocasionar van mucho m\u00e1s all\u00e1 de una quemadura leve que se alivia con un tradicional \u201cafter sun\u201d, si no que las complicaciones m\u00e9dicas pueden ir desde el \u201cbanal\u201d prematuro envejecimiento de la piel hasta las graves consecuencias oncol\u00f3gicas. Si esto no se explica y se razona, poco ahondar\u00e1 quien trata de aprovechar sus 10 o 15 d\u00edas de descanso disfrutando de la tumbona.<\/span><\/p>\t\t\t\t\t\t\t\t<\/div>\n\t\t\t\t<\/div>\n\t\t\t\t<div class=\"elementor-element elementor-element-533bfda elementor-widget elementor-widget-text-editor\" data-id=\"533bfda\" data-element_type=\"widget\" data-widget_type=\"text-editor.default\">\n\t\t\t\t<div class=\"elementor-widget-container\">\n\t\t\t\t\t\t\t\t\t<p><span style=\"color: #000000\"><strong>El oto\u00f1o y su normalizada asma.<\/strong><\/span><\/p><p><span style=\"color: #000000\">El asma es una enfermedad con m\u00e1s fuerza en estos meses y que afecta a m\u00e1s de 300 millones de personas en el mundo, por lo que es algo que desde la farmacia debe ser especialmente tenido en cuenta y trabajarla con cuidado.<\/span><\/p><p><span style=\"color: #000000\">Sin duda, hay que a\u00f1adir que, un paciente asm\u00e1tico ha pasado primero por la consulta m\u00e9dica para su diagn\u00f3stico, pero es muy importante que el farmac\u00e9utico dispense ese tipo de medicaci\u00f3n se tome la molestia de aclarar en cada caso c\u00f3mo tomarla, c\u00f3mo afecta cada dosis y el porqu\u00e9 de cada combinaci\u00f3n. Repasar junto al paciente el resto de medicaci\u00f3n que se utiliza por si existieran interacciones que afectaran a la efectividad y seguridad del tratamiento fidelizar\u00e1, sin duda, a ese paciente y su confianza en tu farmacia.<\/span><\/p>\t\t\t\t\t\t\t\t<\/div>\n\t\t\t\t<\/div>\n\t\t\t\t<div class=\"elementor-element elementor-element-3b35932 elementor-widget elementor-widget-text-editor\" data-id=\"3b35932\" data-element_type=\"widget\" data-widget_type=\"text-editor.default\">\n\t\t\t\t<div class=\"elementor-widget-container\">\n\t\t\t\t\t\t\t\t\t<p><span style=\"color: #000000\">Por \u00faltimo, con la llegada del fr\u00edo, aterriza <strong>el invierno<\/strong> el cual provoca una oleada de gripes, constipados y bronquitis. En estos casos, si un constipado fuerte deriva en, por ejemplo, infecci\u00f3n en los bronquios, el antibi\u00f3tico se hace necesario (siempre bajo prescripci\u00f3n m\u00e9dica) pueden entrar en juego la recomendaci\u00f3n de los probi\u00f3ticos y nuestro acompa\u00f1amiento en el mostrador tambi\u00e9n.<\/span><\/p>\t\t\t\t\t\t\t\t<\/div>\n\t\t\t\t<\/div>\n\t\t\t\t<div class=\"elementor-element elementor-element-f224542 elementor-widget elementor-widget-text-editor\" data-id=\"f224542\" data-element_type=\"widget\" data-widget_type=\"text-editor.default\">\n\t\t\t\t<div class=\"elementor-widget-container\">\n\t\t\t\t\t\t\t\t\t<p><span style=\"color: #000000\">Es por ello por lo que, en <strong><span style=\"color: #0d7584\"><a style=\"color: #0d7584\" href=\"https:\/\/apotalent.com\/en\/\">ApoTalent<\/a> <\/span><\/strong>creemos firmemente que un farmac\u00e9utico\/a se debe mantener continua formaci\u00f3n con especial enfoque a las circunstancias del momento, pero \u00a1cuidado con atender solo a la parte t\u00e9cnica del proyecto!<\/span><\/p><p><span style=\"color: #000000\">Hay que resaltar que, es muy importante saber trasmitir a nuestros pacientes de la farmacia nuestros conocimientos y consejos en modos simples y did\u00e1cticos ya que de nada sirve conocer cada composici\u00f3n y efecto sino sabemos transmitirlos a la necesidad.<\/span><\/p><p><span style=\"color: #000000\">Es necesario reconocer la importancia de la inteligencia emocional y la comunicaci\u00f3n efectiva, asertiva y emp\u00e1tica que la mayor\u00eda de nuestros pacientes que no provienen del sector salud ni entienden sus enfermedades m\u00e1s all\u00e1 del alivio sintom\u00e1tico que les mejorar\u00e1 su d\u00eda a d\u00eda.<\/span><\/p>\t\t\t\t\t\t\t\t<\/div>\n\t\t\t\t<\/div>\n\t\t\t\t<div class=\"elementor-element elementor-element-9c759d5 elementor-widget elementor-widget-heading\" data-id=\"9c759d5\" data-element_type=\"widget\" data-widget_type=\"heading.default\">\n\t\t\t\t<div class=\"elementor-widget-container\">\n\t\t\t\t\t<h4 class=\"elementor-heading-title elementor-size-default\">\u00bfBuscas una oportunidad laboral dentro de una oficina de farmacia? O \u00bfBuscas talento para tu oficina de Farmacia?<\/h4>\t\t\t\t<\/div>\n\t\t\t\t<\/div>\n\t\t\t\t<div class=\"elementor-element elementor-element-7c33cd9 elementor-widget elementor-widget-text-editor\" data-id=\"7c33cd9\" data-element_type=\"widget\" data-widget_type=\"text-editor.default\">\n\t\t\t\t<div class=\"elementor-widget-container\">\n\t\t\t\t\t\t\t\t\t<p style=\"text-align: center\">\u00a1Contacta con nosotros y encu\u00e9ntralo!<\/p><p style=\"text-align: center\">\u00a1Desc\u00fabrenos en<span style=\"color: #0d7584\"> <a style=\"color: #0d7584\" href=\"https:\/\/apotalent.com\/en\/\">ApoTalent | Conectamos empleo en farmacia con el candidato ideal<\/a><\/span> !<\/p>\t\t\t\t\t\t\t\t<\/div>\n\t\t\t\t<\/div>\n\t\t\t\t<div class=\"elementor-element elementor-element-227a658 elementor-widget elementor-widget-premium-addon-button\" data-id=\"227a658\" data-element_type=\"widget\" data-widget_type=\"premium-addon-button.default\">\n\t\t\t\t<div class=\"elementor-widget-container\">\n\t\t\t\t\t\r\n\r\n\t\t<a class=\"premium-button premium-button-style6 premium-btn-lg premium-button-style6\" href=\"https:\/\/apotalent.com\/en\/?page_id=3500\">\r\n\t\t\t<div class=\"premium-button-text-icon-wrapper\">\r\n\t\t\t\t\r\n\t\t\t\t\t\t\t\t\t<span >\r\n\t\t\t\t\t\tConoce m\u00e1s\t\t\t\t\t<\/span>\r\n\t\t\t\t\r\n\t\t\t\t\t\t\t<\/div>\r\n\r\n\t\t\t\r\n\t\t\t\r\n\t\t\t\r\n\t\t<\/a>\r\n\r\n\r\n\t\t\t\t\t\t<\/div>\n\t\t\t\t<\/div>\n\t\t\t\t\t<\/div>\n\t\t<\/div>\n\t\t\t\t\t<\/div>\n\t\t<\/section>\n\t\t\t\t<\/div>","protected":false},"excerpt":{"rendered":"<p>C\u00f3mo podemos observar en la mayor\u00eda de los empleos, en las oficinas de farmacias tambi\u00e9n existen \u00e9pocas del a\u00f1o en las que hay m\u00e1s o menos movimiento dependiendo de d\u00f3nde est\u00e9 situada o qu\u00e9 tipo de p\u00fablico tenga. Habitualmente, cuando se habla de estos cambios en las farmacias, solemos referirnos al aumento o disminuci\u00f3n de&hellip; <br \/> <a class=\"read-more\" href=\"https:\/\/apotalent.com\/en\/primavera-verano-otono-e-invierno-en-que-epoca-del-ano-tienen-mas-trabajo-los-farmaceuticos\">Read more<\/a><\/p>","protected":false},"author":1,"featured_media":4403,"comment_status":"closed","ping_status":"closed","sticky":false,"template":"","format":"standard","meta":{"footnotes":""},"categories":[3],"tags":[24,11,25,7,26,6],"class_list":["post-4395","post","type-post","status-publish","format-standard","has-post-thumbnail","hentry","category-blog","tag-4-estaciones-del-ano","tag-apotalent","tag-captacion-de-talento-farmacia","tag-empleo-en-farmacia","tag-temporadas-altas-en-farmacias","tag-trabajo-en-farmacia"],"yoast_head":"<!-- This site is optimized with the Yoast SEO plugin v24.6 - https:\/\/yoast.com\/wordpress\/plugins\/seo\/ -->\n<title>Primavera, verano, oto\u00f1o e invierno\u2026 \u00bfen qu\u00e9 \u00e9poca del a\u00f1o tienen m\u00e1s trabajo los farmac\u00e9uticos? | ApoTalent - Conectamos farmacias con profesionales farmac\u00e9uticos<\/title>\n<meta name=\"robots\" content=\"index, follow, max-snippet:-1, max-image-preview:large, max-video-preview:-1\" \/>\n<link rel=\"canonical\" href=\"https:\/\/apotalent.com\/en\/primavera-verano-otono-e-invierno-en-que-epoca-del-ano-tienen-mas-trabajo-los-farmaceuticos\/\" \/>\n<meta property=\"og:locale\" content=\"en_GB\" \/>\n<meta property=\"og:type\" content=\"article\" \/>\n<meta property=\"og:title\" content=\"Primavera, verano, oto\u00f1o e invierno\u2026 \u00bfen qu\u00e9 \u00e9poca del a\u00f1o tienen m\u00e1s trabajo los farmac\u00e9uticos? | ApoTalent - Conectamos farmacias con profesionales farmac\u00e9uticos\" \/>\n<meta property=\"og:description\" content=\"C\u00f3mo podemos observar en la mayor\u00eda de los empleos, en las oficinas de farmacias tambi\u00e9n existen \u00e9pocas del a\u00f1o en las que hay m\u00e1s o menos movimiento dependiendo de d\u00f3nde est\u00e9 situada o qu\u00e9 tipo de p\u00fablico tenga. Habitualmente, cuando se habla de estos cambios en las farmacias, solemos referirnos al aumento o disminuci\u00f3n de&hellip; Read more\" \/>\n<meta property=\"og:url\" content=\"https:\/\/apotalent.com\/en\/primavera-verano-otono-e-invierno-en-que-epoca-del-ano-tienen-mas-trabajo-los-farmaceuticos\/\" \/>\n<meta property=\"og:site_name\" content=\"ApoTalent - Conectamos farmacias con profesionales farmac\u00e9uticos\" \/>\n<meta property=\"article:publisher\" content=\"https:\/\/www.facebook.com\/profile.php?id=100075030421261\" \/>\n<meta property=\"article:published_time\" content=\"2022-12-23T11:20:37+00:00\" \/>\n<meta property=\"article:modified_time\" content=\"2023-06-15T13:03:00+00:00\" \/>\n<meta property=\"og:image\" content=\"https:\/\/apotalent.com\/wp-content\/uploads\/2022\/12\/Senora-mayor-con-alergia-conoce-las-temporadas-del-ano-donde-existe-mas-trabajo-en-las-farmacias-blog-ApoTalent-scaled.jpg\" \/>\n\t<meta property=\"og:image:width\" content=\"2560\" \/>\n\t<meta property=\"og:image:height\" content=\"1707\" \/>\n\t<meta property=\"og:image:type\" content=\"image\/jpeg\" \/>\n<meta name=\"author\" content=\"MJApotalent22\" \/>\n<meta name=\"twitter:card\" content=\"summary_large_image\" \/>\n<meta name=\"twitter:label1\" content=\"Written by\" \/>\n\t<meta name=\"twitter:data1\" content=\"MJApotalent22\" \/>\n\t<meta name=\"twitter:label2\" content=\"Estimated reading time\" \/>\n\t<meta name=\"twitter:data2\" content=\"4 minutes\" \/>\n<script type=\"application\/ld+json\" class=\"yoast-schema-graph\">{\"@context\":\"https:\/\/schema.org\",\"@graph\":[{\"@type\":[\"Article\",\"BlogPosting\"],\"@id\":\"https:\/\/apotalent.com\/primavera-verano-otono-e-invierno-en-que-epoca-del-ano-tienen-mas-trabajo-los-farmaceuticos#article\",\"isPartOf\":{\"@id\":\"https:\/\/apotalent.com\/primavera-verano-otono-e-invierno-en-que-epoca-del-ano-tienen-mas-trabajo-los-farmaceuticos\"},\"author\":{\"name\":\"MJApotalent22\",\"@id\":\"https:\/\/apotalent.com\/#\/schema\/person\/24a9fab2a0494f3452bba24b059e0219\"},\"headline\":\"Primavera, verano, oto\u00f1o e invierno\u2026 \u00bfen qu\u00e9 \u00e9poca del a\u00f1o tienen m\u00e1s trabajo los farmac\u00e9uticos?\",\"datePublished\":\"2022-12-23T11:20:37+00:00\",\"dateModified\":\"2023-06-15T13:03:00+00:00\",\"mainEntityOfPage\":{\"@id\":\"https:\/\/apotalent.com\/primavera-verano-otono-e-invierno-en-que-epoca-del-ano-tienen-mas-trabajo-los-farmaceuticos\"},\"wordCount\":778,\"publisher\":{\"@id\":\"https:\/\/apotalent.com\/#organization\"},\"image\":{\"@id\":\"https:\/\/apotalent.com\/primavera-verano-otono-e-invierno-en-que-epoca-del-ano-tienen-mas-trabajo-los-farmaceuticos#primaryimage\"},\"thumbnailUrl\":\"https:\/\/apotalent.com\/wp-content\/uploads\/2022\/12\/Senora-mayor-con-alergia-conoce-las-temporadas-del-ano-donde-existe-mas-trabajo-en-las-farmacias-blog-ApoTalent-scaled.jpg\",\"keywords\":[\"4 estaciones del a\u00f1o\",\"ApoTalent\",\"captaci\u00f3n de talento farmacia\",\"empleo en farmacia\",\"Temporadas altas en Farmacias\",\"Trabajo en farmacia\"],\"articleSection\":[\"Blog\"],\"inLanguage\":\"en-GB\"},{\"@type\":\"WebPage\",\"@id\":\"https:\/\/apotalent.com\/primavera-verano-otono-e-invierno-en-que-epoca-del-ano-tienen-mas-trabajo-los-farmaceuticos\",\"url\":\"https:\/\/apotalent.com\/primavera-verano-otono-e-invierno-en-que-epoca-del-ano-tienen-mas-trabajo-los-farmaceuticos\",\"name\":\"Primavera, verano, oto\u00f1o e invierno\u2026 \u00bfen qu\u00e9 \u00e9poca del a\u00f1o tienen m\u00e1s trabajo los farmac\u00e9uticos? | ApoTalent - Conectamos farmacias con profesionales farmac\u00e9uticos\",\"isPartOf\":{\"@id\":\"https:\/\/apotalent.com\/#website\"},\"primaryImageOfPage\":{\"@id\":\"https:\/\/apotalent.com\/primavera-verano-otono-e-invierno-en-que-epoca-del-ano-tienen-mas-trabajo-los-farmaceuticos#primaryimage\"},\"image\":{\"@id\":\"https:\/\/apotalent.com\/primavera-verano-otono-e-invierno-en-que-epoca-del-ano-tienen-mas-trabajo-los-farmaceuticos#primaryimage\"},\"thumbnailUrl\":\"https:\/\/apotalent.com\/wp-content\/uploads\/2022\/12\/Senora-mayor-con-alergia-conoce-las-temporadas-del-ano-donde-existe-mas-trabajo-en-las-farmacias-blog-ApoTalent-scaled.jpg\",\"datePublished\":\"2022-12-23T11:20:37+00:00\",\"dateModified\":\"2023-06-15T13:03:00+00:00\",\"breadcrumb\":{\"@id\":\"https:\/\/apotalent.com\/primavera-verano-otono-e-invierno-en-que-epoca-del-ano-tienen-mas-trabajo-los-farmaceuticos#breadcrumb\"},\"inLanguage\":\"en-GB\",\"potentialAction\":[{\"@type\":\"ReadAction\",\"target\":[\"https:\/\/apotalent.com\/primavera-verano-otono-e-invierno-en-que-epoca-del-ano-tienen-mas-trabajo-los-farmaceuticos\"]}]},{\"@type\":\"ImageObject\",\"inLanguage\":\"en-GB\",\"@id\":\"https:\/\/apotalent.com\/primavera-verano-otono-e-invierno-en-que-epoca-del-ano-tienen-mas-trabajo-los-farmaceuticos#primaryimage\",\"url\":\"https:\/\/apotalent.com\/wp-content\/uploads\/2022\/12\/Senora-mayor-con-alergia-conoce-las-temporadas-del-ano-donde-existe-mas-trabajo-en-las-farmacias-blog-ApoTalent-scaled.jpg\",\"contentUrl\":\"https:\/\/apotalent.com\/wp-content\/uploads\/2022\/12\/Senora-mayor-con-alergia-conoce-las-temporadas-del-ano-donde-existe-mas-trabajo-en-las-farmacias-blog-ApoTalent-scaled.jpg\",\"width\":2560,\"height\":1707,\"caption\":\"conoce las temporadas del a\u00f1o donde existe m\u00e1s trabajo en las farmacias - blog ApoTalent\"},{\"@type\":\"BreadcrumbList\",\"@id\":\"https:\/\/apotalent.com\/primavera-verano-otono-e-invierno-en-que-epoca-del-ano-tienen-mas-trabajo-los-farmaceuticos#breadcrumb\",\"itemListElement\":[{\"@type\":\"ListItem\",\"position\":1,\"name\":\"Portada\",\"item\":\"https:\/\/apotalent.com\/\"},{\"@type\":\"ListItem\",\"position\":2,\"name\":\"Primavera, verano, oto\u00f1o e invierno\u2026 \u00bfen qu\u00e9 \u00e9poca del a\u00f1o tienen m\u00e1s trabajo los farmac\u00e9uticos?\"}]},{\"@type\":\"WebSite\",\"@id\":\"https:\/\/apotalent.com\/#website\",\"url\":\"https:\/\/apotalent.com\/\",\"name\":\"ApoTalent - Conectamos farmacias con profesionales farmac\u00e9uticos\",\"description\":\"Automatizamos el proceso de an\u00e1lisis y selecci\u00f3n de candidatos, conectando a las farmacias con los candidatos que m\u00e1s se ajusten a una oferta\",\"publisher\":{\"@id\":\"https:\/\/apotalent.com\/#organization\"},\"potentialAction\":[{\"@type\":\"SearchAction\",\"target\":{\"@type\":\"EntryPoint\",\"urlTemplate\":\"https:\/\/apotalent.com\/?s={search_term_string}\"},\"query-input\":{\"@type\":\"PropertyValueSpecification\",\"valueRequired\":true,\"valueName\":\"search_term_string\"}}],\"inLanguage\":\"en-GB\"},{\"@type\":\"Organization\",\"@id\":\"https:\/\/apotalent.com\/#organization\",\"name\":\"ApoTalent\",\"url\":\"https:\/\/apotalent.com\/\",\"logo\":{\"@type\":\"ImageObject\",\"inLanguage\":\"en-GB\",\"@id\":\"https:\/\/apotalent.com\/#\/schema\/logo\/image\/\",\"url\":\"https:\/\/apotalent.com\/wp-content\/uploads\/2021\/01\/cropped-Group-392.png\",\"contentUrl\":\"https:\/\/apotalent.com\/wp-content\/uploads\/2021\/01\/cropped-Group-392.png\",\"width\":1074,\"height\":351,\"caption\":\"ApoTalent\"},\"image\":{\"@id\":\"https:\/\/apotalent.com\/#\/schema\/logo\/image\/\"},\"sameAs\":[\"https:\/\/www.facebook.com\/profile.php?id=100075030421261\",\"https:\/\/www.instagram.com\/apotalent\/\"]},{\"@type\":\"Person\",\"@id\":\"https:\/\/apotalent.com\/#\/schema\/person\/24a9fab2a0494f3452bba24b059e0219\",\"name\":\"MJApotalent22\",\"image\":{\"@type\":\"ImageObject\",\"inLanguage\":\"en-GB\",\"@id\":\"https:\/\/apotalent.com\/#\/schema\/person\/image\/\",\"url\":\"https:\/\/secure.gravatar.com\/avatar\/09782efde2c66cb80380505deea16d3df20f4e35db9eb5ce8c9c6b502c9d7f01?s=96&d=mm&r=g\",\"contentUrl\":\"https:\/\/secure.gravatar.com\/avatar\/09782efde2c66cb80380505deea16d3df20f4e35db9eb5ce8c9c6b502c9d7f01?s=96&d=mm&r=g\",\"caption\":\"MJApotalent22\"},\"sameAs\":[\"https:\/\/apotalent.com\"]}]}<\/script>\n<!-- \/ Yoast SEO plugin. -->","yoast_head_json":{"title":"Primavera, verano, oto\u00f1o e invierno\u2026 \u00bfen qu\u00e9 \u00e9poca del a\u00f1o tienen m\u00e1s trabajo los farmac\u00e9uticos? | ApoTalent - Conectamos farmacias con profesionales farmac\u00e9uticos","robots":{"index":"index","follow":"follow","max-snippet":"max-snippet:-1","max-image-preview":"max-image-preview:large","max-video-preview":"max-video-preview:-1"},"canonical":"https:\/\/apotalent.com\/en\/primavera-verano-otono-e-invierno-en-que-epoca-del-ano-tienen-mas-trabajo-los-farmaceuticos\/","og_locale":"en_GB","og_type":"article","og_title":"Primavera, verano, oto\u00f1o e invierno\u2026 \u00bfen qu\u00e9 \u00e9poca del a\u00f1o tienen m\u00e1s trabajo los farmac\u00e9uticos? | ApoTalent - Conectamos farmacias con profesionales farmac\u00e9uticos","og_description":"C\u00f3mo podemos observar en la mayor\u00eda de los empleos, en las oficinas de farmacias tambi\u00e9n existen \u00e9pocas del a\u00f1o en las que hay m\u00e1s o menos movimiento dependiendo de d\u00f3nde est\u00e9 situada o qu\u00e9 tipo de p\u00fablico tenga. Habitualmente, cuando se habla de estos cambios en las farmacias, solemos referirnos al aumento o disminuci\u00f3n de&hellip; Read more","og_url":"https:\/\/apotalent.com\/en\/primavera-verano-otono-e-invierno-en-que-epoca-del-ano-tienen-mas-trabajo-los-farmaceuticos\/","og_site_name":"ApoTalent - Conectamos farmacias con profesionales farmac\u00e9uticos","article_publisher":"https:\/\/www.facebook.com\/profile.php?id=100075030421261","article_published_time":"2022-12-23T11:20:37+00:00","article_modified_time":"2023-06-15T13:03:00+00:00","og_image":[{"width":2560,"height":1707,"url":"https:\/\/apotalent.com\/wp-content\/uploads\/2022\/12\/Senora-mayor-con-alergia-conoce-las-temporadas-del-ano-donde-existe-mas-trabajo-en-las-farmacias-blog-ApoTalent-scaled.jpg","type":"image\/jpeg"}],"author":"MJApotalent22","twitter_card":"summary_large_image","twitter_misc":{"Written by":"MJApotalent22","Estimated reading time":"4 minutes"},"schema":{"@context":"https:\/\/schema.org","@graph":[{"@type":["Article","BlogPosting"],"@id":"https:\/\/apotalent.com\/primavera-verano-otono-e-invierno-en-que-epoca-del-ano-tienen-mas-trabajo-los-farmaceuticos#article","isPartOf":{"@id":"https:\/\/apotalent.com\/primavera-verano-otono-e-invierno-en-que-epoca-del-ano-tienen-mas-trabajo-los-farmaceuticos"},"author":{"name":"MJApotalent22","@id":"https:\/\/apotalent.com\/#\/schema\/person\/24a9fab2a0494f3452bba24b059e0219"},"headline":"Primavera, verano, oto\u00f1o e invierno\u2026 \u00bfen qu\u00e9 \u00e9poca del a\u00f1o tienen m\u00e1s trabajo los farmac\u00e9uticos?","datePublished":"2022-12-23T11:20:37+00:00","dateModified":"2023-06-15T13:03:00+00:00","mainEntityOfPage":{"@id":"https:\/\/apotalent.com\/primavera-verano-otono-e-invierno-en-que-epoca-del-ano-tienen-mas-trabajo-los-farmaceuticos"},"wordCount":778,"publisher":{"@id":"https:\/\/apotalent.com\/#organization"},"image":{"@id":"https:\/\/apotalent.com\/primavera-verano-otono-e-invierno-en-que-epoca-del-ano-tienen-mas-trabajo-los-farmaceuticos#primaryimage"},"thumbnailUrl":"https:\/\/apotalent.com\/wp-content\/uploads\/2022\/12\/Senora-mayor-con-alergia-conoce-las-temporadas-del-ano-donde-existe-mas-trabajo-en-las-farmacias-blog-ApoTalent-scaled.jpg","keywords":["4 estaciones del a\u00f1o","ApoTalent","captaci\u00f3n de talento farmacia","empleo en farmacia","Temporadas altas en Farmacias","Trabajo en farmacia"],"articleSection":["Blog"],"inLanguage":"en-GB"},{"@type":"WebPage","@id":"https:\/\/apotalent.com\/primavera-verano-otono-e-invierno-en-que-epoca-del-ano-tienen-mas-trabajo-los-farmaceuticos","url":"https:\/\/apotalent.com\/primavera-verano-otono-e-invierno-en-que-epoca-del-ano-tienen-mas-trabajo-los-farmaceuticos","name":"Primavera, verano, oto\u00f1o e invierno\u2026 \u00bfen qu\u00e9 \u00e9poca del a\u00f1o tienen m\u00e1s trabajo los farmac\u00e9uticos? | ApoTalent - Conectamos farmacias con profesionales farmac\u00e9uticos","isPartOf":{"@id":"https:\/\/apotalent.com\/#website"},"primaryImageOfPage":{"@id":"https:\/\/apotalent.com\/primavera-verano-otono-e-invierno-en-que-epoca-del-ano-tienen-mas-trabajo-los-farmaceuticos#primaryimage"},"image":{"@id":"https:\/\/apotalent.com\/primavera-verano-otono-e-invierno-en-que-epoca-del-ano-tienen-mas-trabajo-los-farmaceuticos#primaryimage"},"thumbnailUrl":"https:\/\/apotalent.com\/wp-content\/uploads\/2022\/12\/Senora-mayor-con-alergia-conoce-las-temporadas-del-ano-donde-existe-mas-trabajo-en-las-farmacias-blog-ApoTalent-scaled.jpg","datePublished":"2022-12-23T11:20:37+00:00","dateModified":"2023-06-15T13:03:00+00:00","breadcrumb":{"@id":"https:\/\/apotalent.com\/primavera-verano-otono-e-invierno-en-que-epoca-del-ano-tienen-mas-trabajo-los-farmaceuticos#breadcrumb"},"inLanguage":"en-GB","potentialAction":[{"@type":"ReadAction","target":["https:\/\/apotalent.com\/primavera-verano-otono-e-invierno-en-que-epoca-del-ano-tienen-mas-trabajo-los-farmaceuticos"]}]},{"@type":"ImageObject","inLanguage":"en-GB","@id":"https:\/\/apotalent.com\/primavera-verano-otono-e-invierno-en-que-epoca-del-ano-tienen-mas-trabajo-los-farmaceuticos#primaryimage","url":"https:\/\/apotalent.com\/wp-content\/uploads\/2022\/12\/Senora-mayor-con-alergia-conoce-las-temporadas-del-ano-donde-existe-mas-trabajo-en-las-farmacias-blog-ApoTalent-scaled.jpg","contentUrl":"https:\/\/apotalent.com\/wp-content\/uploads\/2022\/12\/Senora-mayor-con-alergia-conoce-las-temporadas-del-ano-donde-existe-mas-trabajo-en-las-farmacias-blog-ApoTalent-scaled.jpg","width":2560,"height":1707,"caption":"conoce las temporadas del a\u00f1o donde existe m\u00e1s trabajo en las farmacias - blog ApoTalent"},{"@type":"BreadcrumbList","@id":"https:\/\/apotalent.com\/primavera-verano-otono-e-invierno-en-que-epoca-del-ano-tienen-mas-trabajo-los-farmaceuticos#breadcrumb","itemListElement":[{"@type":"ListItem","position":1,"name":"Portada","item":"https:\/\/apotalent.com\/"},{"@type":"ListItem","position":2,"name":"Primavera, verano, oto\u00f1o e invierno\u2026 \u00bfen qu\u00e9 \u00e9poca del a\u00f1o tienen m\u00e1s trabajo los farmac\u00e9uticos?"}]},{"@type":"WebSite","@id":"https:\/\/apotalent.com\/#website","url":"https:\/\/apotalent.com\/","name":"ApoTalent - Conectamos farmacias con profesionales farmac\u00e9uticos","description":"Automatizamos el proceso de an\u00e1lisis y selecci\u00f3n de candidatos, conectando a las farmacias con los candidatos que m\u00e1s se ajusten a una oferta","publisher":{"@id":"https:\/\/apotalent.com\/#organization"},"potentialAction":[{"@type":"SearchAction","target":{"@type":"EntryPoint","urlTemplate":"https:\/\/apotalent.com\/?s={search_term_string}"},"query-input":{"@type":"PropertyValueSpecification","valueRequired":true,"valueName":"search_term_string"}}],"inLanguage":"en-GB"},{"@type":"Organization","@id":"https:\/\/apotalent.com\/#organization","name":"ApoTalent","url":"https:\/\/apotalent.com\/","logo":{"@type":"ImageObject","inLanguage":"en-GB","@id":"https:\/\/apotalent.com\/#\/schema\/logo\/image\/","url":"https:\/\/apotalent.com\/wp-content\/uploads\/2021\/01\/cropped-Group-392.png","contentUrl":"https:\/\/apotalent.com\/wp-content\/uploads\/2021\/01\/cropped-Group-392.png","width":1074,"height":351,"caption":"ApoTalent"},"image":{"@id":"https:\/\/apotalent.com\/#\/schema\/logo\/image\/"},"sameAs":["https:\/\/www.facebook.com\/profile.php?id=100075030421261","https:\/\/www.instagram.com\/apotalent\/"]},{"@type":"Person","@id":"https:\/\/apotalent.com\/#\/schema\/person\/24a9fab2a0494f3452bba24b059e0219","name":"MJApotalent22","image":{"@type":"ImageObject","inLanguage":"en-GB","@id":"https:\/\/apotalent.com\/#\/schema\/person\/image\/","url":"https:\/\/secure.gravatar.com\/avatar\/09782efde2c66cb80380505deea16d3df20f4e35db9eb5ce8c9c6b502c9d7f01?s=96&d=mm&r=g","contentUrl":"https:\/\/secure.gravatar.com\/avatar\/09782efde2c66cb80380505deea16d3df20f4e35db9eb5ce8c9c6b502c9d7f01?s=96&d=mm&r=g","caption":"MJApotalent22"},"sameAs":["https:\/\/apotalent.com"]}]}},"_links":{"self":[{"href":"https:\/\/apotalent.com\/en\/wp-json\/wp\/v2\/posts\/4395","targetHints":{"allow":["GET"]}}],"collection":[{"href":"https:\/\/apotalent.com\/en\/wp-json\/wp\/v2\/posts"}],"about":[{"href":"https:\/\/apotalent.com\/en\/wp-json\/wp\/v2\/types\/post"}],"author":[{"embeddable":true,"href":"https:\/\/apotalent.com\/en\/wp-json\/wp\/v2\/users\/1"}],"replies":[{"embeddable":true,"href":"https:\/\/apotalent.com\/en\/wp-json\/wp\/v2\/comments?post=4395"}],"version-history":[{"count":15,"href":"https:\/\/apotalent.com\/en\/wp-json\/wp\/v2\/posts\/4395\/revisions"}],"predecessor-version":[{"id":4427,"href":"https:\/\/apotalent.com\/en\/wp-json\/wp\/v2\/posts\/4395\/revisions\/4427"}],"wp:featuredmedia":[{"embeddable":true,"href":"https:\/\/apotalent.com\/en\/wp-json\/wp\/v2\/media\/4403"}],"wp:attachment":[{"href":"https:\/\/apotalent.com\/en\/wp-json\/wp\/v2\/media?parent=4395"}],"wp:term":[{"taxonomy":"category","embeddable":true,"href":"https:\/\/apotalent.com\/en\/wp-json\/wp\/v2\/categories?post=4395"},{"taxonomy":"post_tag","embeddable":true,"href":"https:\/\/apotalent.com\/en\/wp-json\/wp\/v2\/tags?post=4395"}],"curies":[{"name":"wp","href":"https:\/\/api.w.org\/{rel}","templated":true}]}}